{"id":602,"date":"2023-03-09T12:34:19","date_gmt":"2023-03-09T16:34:19","guid":{"rendered":"https:\/\/www.cdmolokai.cl\/nweb\/?p=602"},"modified":"2023-03-09T12:35:50","modified_gmt":"2023-03-09T16:35:50","slug":"viernes-10-de-marzo-damos-inicio-al-proceso-de-evaluacion-diagnostico-dia-2023","status":"publish","type":"post","link":"https:\/\/www.cdmolokai.cl\/nweb\/2023\/03\/09\/viernes-10-de-marzo-damos-inicio-al-proceso-de-evaluacion-diagnostico-dia-2023\/","title":{"rendered":"\u00a1VIERNES 10 DE MARZO DAMOS INICIO AL PROCESO DE EVALUACI\u00d3N DIAGN\u00d3STICO DIA 2023!!!"},"content":{"rendered":"\n<p>Estimadas familias, como todos los a\u00f1os daremos inicio al proceso de <strong><em>Diagnostico Integral de Aprendizaje (DIA) 2023<\/em><\/strong>. El prop\u00f3sito es entregar informaci\u00f3n sobre el estado de los aprendizajes previos a las <strong>\u00e1reas acad\u00e9micas y socioemocional<\/strong>, para que docentes y directivos puedan ajustar la planificaci\u00f3n del a\u00f1o escolar 2023 que est\u00e1 comenzando, y promover una formaci\u00f3n integral en las y los estudiantes.<\/p>\n\n\n\n<p>Para que el proceso se lleve a cabo con \u00e9xito, es necesario que las(os) estudiantes asistan a clases con normalidad y cumplan con los horarios establecidos. De esta forma ser\u00e1n diagnosticados en el tiempo planificado por las(os) especialistas en el \u00e1rea.<\/p>\n\n\n<div class=\"wp-block-image\">\n<figure class=\"aligncenter size-large\"><a href=\"https:\/\/www.cdmolokai.cl\/nweb\/wp-content\/uploads\/2023\/03\/Calendario-DIA-2023.pdf\" target=\"_blank\" rel=\"noreferrer noopener\"><img loading=\"lazy\" decoding=\"async\" width=\"903\" height=\"1024\" src=\"https:\/\/www.cdmolokai.cl\/nweb\/wp-content\/uploads\/2023\/03\/Calendario-DIA-2023-903x1024.jpg\" alt=\"\" class=\"wp-image-604\" srcset=\"https:\/\/www.cdmolokai.cl\/nweb\/wp-content\/uploads\/2023\/03\/Calendario-DIA-2023-903x1024.jpg 903w, https:\/\/www.cdmolokai.cl\/nweb\/wp-content\/uploads\/2023\/03\/Calendario-DIA-2023-265x300.jpg 265w, https:\/\/www.cdmolokai.cl\/nweb\/wp-content\/uploads\/2023\/03\/Calendario-DIA-2023-768x871.jpg 768w, https:\/\/www.cdmolokai.cl\/nweb\/wp-content\/uploads\/2023\/03\/Calendario-DIA-2023-1354x1536.jpg 1354w, https:\/\/www.cdmolokai.cl\/nweb\/wp-content\/uploads\/2023\/03\/Calendario-DIA-2023-238x270.jpg 238w, https:\/\/www.cdmolokai.cl\/nweb\/wp-content\/uploads\/2023\/03\/Calendario-DIA-2023.jpg 1700w\" sizes=\"auto, (max-width: 903px) 100vw, 903px\" \/><\/a><\/figure>\n<\/div>\n\n<div class=\"wp-block-image\">\n<figure class=\"aligncenter size-full is-resized\"><a href=\"https:\/\/www.cdmolokai.cl\/nweb\/wp-content\/uploads\/2023\/03\/Calendario-DIA-2023.pdf\" target=\"_blank\" rel=\"noreferrer noopener\"><img loading=\"lazy\" decoding=\"async\" src=\"https:\/\/www.cdmolokai.cl\/nweb\/wp-content\/uploads\/2023\/03\/clic-aqui-para-descargar.png\" alt=\"\" class=\"wp-image-605\" width=\"260\" height=\"70\" srcset=\"https:\/\/www.cdmolokai.cl\/nweb\/wp-content\/uploads\/2023\/03\/clic-aqui-para-descargar.png 485w, https:\/\/www.cdmolokai.cl\/nweb\/wp-content\/uploads\/2023\/03\/clic-aqui-para-descargar-300x80.png 300w, https:\/\/www.cdmolokai.cl\/nweb\/wp-content\/uploads\/2023\/03\/clic-aqui-para-descargar-360x96.png 360w\" sizes=\"auto, (max-width: 260px) 100vw, 260px\" \/><\/a><\/figure>\n<\/div>","protected":false},"excerpt":{"rendered":"<p>Estimadas familias, como todos los a\u00f1os daremos inicio al proceso de Diagnostico Integral de Aprendizaje (DIA) 2023. El prop\u00f3sito es <a href=\"https:\/\/www.cdmolokai.cl\/nweb\/2023\/03\/09\/viernes-10-de-marzo-damos-inicio-al-proceso-de-evaluacion-diagnostico-dia-2023\/\" class=\"read-more\">Leer mas &#8230;<\/a><\/p>\n","protected":false},"author":1,"featured_media":600,"comment_status":"closed","ping_status":"closed","sticky":false,"template":"","format":"standard","meta":{"footnotes":""},"categories":[12,11],"tags":[],"class_list":["post-602","post","type-post","status-publish","format-standard","has-post-thumbnail","hentry","category-eventos","category-noticias"],"_links":{"self":[{"href":"https:\/\/www.cdmolokai.cl\/nweb\/wp-json\/wp\/v2\/posts\/602","targetHints":{"allow":["GET"]}}],"collection":[{"href":"https:\/\/www.cdmolokai.cl\/nweb\/wp-json\/wp\/v2\/posts"}],"about":[{"href":"https:\/\/www.cdmolokai.cl\/nweb\/wp-json\/wp\/v2\/types\/post"}],"author":[{"embeddable":true,"href":"https:\/\/www.cdmolokai.cl\/nweb\/wp-json\/wp\/v2\/users\/1"}],"replies":[{"embeddable":true,"href":"https:\/\/www.cdmolokai.cl\/nweb\/wp-json\/wp\/v2\/comments?post=602"}],"version-history":[{"count":4,"href":"https:\/\/www.cdmolokai.cl\/nweb\/wp-json\/wp\/v2\/posts\/602\/revisions"}],"predecessor-version":[{"id":608,"href":"https:\/\/www.cdmolokai.cl\/nweb\/wp-json\/wp\/v2\/posts\/602\/revisions\/608"}],"wp:featuredmedia":[{"embeddable":true,"href":"https:\/\/www.cdmolokai.cl\/nweb\/wp-json\/wp\/v2\/media\/600"}],"wp:attachment":[{"href":"https:\/\/www.cdmolokai.cl\/nweb\/wp-json\/wp\/v2\/media?parent=602"}],"wp:term":[{"taxonomy":"category","embeddable":true,"href":"https:\/\/www.cdmolokai.cl\/nweb\/wp-json\/wp\/v2\/categories?post=602"},{"taxonomy":"post_tag","embeddable":true,"href":"https:\/\/www.cdmolokai.cl\/nweb\/wp-json\/wp\/v2\/tags?post=602"}],"curies":[{"name":"wp","href":"https:\/\/api.w.org\/{rel}","templated":true}]}}