{"id":593,"date":"2023-03-08T10:32:46","date_gmt":"2023-03-08T14:32:46","guid":{"rendered":"https:\/\/www.cdmolokai.cl\/nweb\/?p=593"},"modified":"2023-03-08T10:35:58","modified_gmt":"2023-03-08T14:35:58","slug":"dia-internacional-de-la-mujer","status":"publish","type":"post","link":"https:\/\/www.cdmolokai.cl\/nweb\/2023\/03\/08\/dia-internacional-de-la-mujer\/","title":{"rendered":"DIA INTERNACIONAL DE LA MUJER"},"content":{"rendered":"\n<p>Cada 8 de marzo, en el mundo se conmemora el D\u00eda Internacional de la Mujer. Una fecha establecida de manera oficial por la Asamblea General de la Organizaci\u00f3n de las Naciones Unidas (ONU) para recordar la lucha por la igualdad femenina en todo el mundo.<\/p>\n\n\n\n<p>En marzo de 1908, la historia del trabajo y la lucha sindical a nivel global volvi\u00f3 a pegar un giro y abri\u00f3 camino a lo que vendr\u00eda despu\u00e9s: 129 mujeres murieron en un incendio en la f\u00e1brica Cotton, de Nueva York, Estados Unidos, luego de que se declararan en huelga y con permanencia en su lugar de trabajo.<\/p>\n\n\n\n<p>Esas mujeres buscaban una reducci\u00f3n en su jornada laboral que por entonces era de 12 horas, un salario igual al que percib\u00edan los hombres frente a la misma actividad (la mujer ganaba entre un 40% y un 60% menos) y mejorar las malas condiciones de trabajo que padec\u00edan.<\/p>\n\n\n\n<p>Ese d\u00eda, no fueron las \u00fanicas mujeres en hacer huelga. En total, hab\u00eda unas 40.000 mujeres protestando. Pero las chicas de Cotton decidieron quedarse en su lugar de trabajo.<\/p>\n\n\n\n<p>El due\u00f1o de la f\u00e1brica orden\u00f3 cerrar las puertas del edificio para hacerlas desistir de la protesta y lograr as\u00ed que esa mujeres se fueran del lugar. Sin embargo, no solo no se fueron, si no que el resultado final de esa acci\u00f3n termin\u00f3 con las obreras muertas en un incendio.<\/p>\n\n\n\n<p>Con una representaci\u00f3n simple pero conmemorativa, se realiz\u00f3 un peque\u00f1o acto donde se mostr\u00f3 la historia de estas valientes mujeres.<\/p>\n\n\n\n<p><strong><a href=\"https:\/\/www.facebook.com\/media\/set\/?set=a.725729439280117&amp;type=3\" target=\"_blank\" rel=\"noreferrer noopener\">Ver galer\u00eda de fotos en FACEBOOK<\/a><\/strong><\/p>\n","protected":false},"excerpt":{"rendered":"<p>Cada 8 de marzo, en el mundo se conmemora el D\u00eda Internacional de la Mujer. Una fecha establecida de manera <a href=\"https:\/\/www.cdmolokai.cl\/nweb\/2023\/03\/08\/dia-internacional-de-la-mujer\/\" class=\"read-more\">Leer mas &#8230;<\/a><\/p>\n","protected":false},"author":1,"featured_media":595,"comment_status":"closed","ping_status":"closed","sticky":false,"template":"","format":"standard","meta":{"footnotes":""},"categories":[11],"tags":[],"class_list":["post-593","post","type-post","status-publish","format-standard","has-post-thumbnail","hentry","category-noticias"],"_links":{"self":[{"href":"https:\/\/www.cdmolokai.cl\/nweb\/wp-json\/wp\/v2\/posts\/593","targetHints":{"allow":["GET"]}}],"collection":[{"href":"https:\/\/www.cdmolokai.cl\/nweb\/wp-json\/wp\/v2\/posts"}],"about":[{"href":"https:\/\/www.cdmolokai.cl\/nweb\/wp-json\/wp\/v2\/types\/post"}],"author":[{"embeddable":true,"href":"https:\/\/www.cdmolokai.cl\/nweb\/wp-json\/wp\/v2\/users\/1"}],"replies":[{"embeddable":true,"href":"https:\/\/www.cdmolokai.cl\/nweb\/wp-json\/wp\/v2\/comments?post=593"}],"version-history":[{"count":2,"href":"https:\/\/www.cdmolokai.cl\/nweb\/wp-json\/wp\/v2\/posts\/593\/revisions"}],"predecessor-version":[{"id":596,"href":"https:\/\/www.cdmolokai.cl\/nweb\/wp-json\/wp\/v2\/posts\/593\/revisions\/596"}],"wp:featuredmedia":[{"embeddable":true,"href":"https:\/\/www.cdmolokai.cl\/nweb\/wp-json\/wp\/v2\/media\/595"}],"wp:attachment":[{"href":"https:\/\/www.cdmolokai.cl\/nweb\/wp-json\/wp\/v2\/media?parent=593"}],"wp:term":[{"taxonomy":"category","embeddable":true,"href":"https:\/\/www.cdmolokai.cl\/nweb\/wp-json\/wp\/v2\/categories?post=593"},{"taxonomy":"post_tag","embeddable":true,"href":"https:\/\/www.cdmolokai.cl\/nweb\/wp-json\/wp\/v2\/tags?post=593"}],"curies":[{"name":"wp","href":"https:\/\/api.w.org\/{rel}","templated":true}]}}