{"id":3195,"date":"2026-04-21T15:06:45","date_gmt":"2026-04-21T19:06:45","guid":{"rendered":"https:\/\/www.cdmolokai.cl\/nweb\/?p=3195"},"modified":"2026-04-29T15:12:17","modified_gmt":"2026-04-29T19:12:17","slug":"jornada-vocacional-ven-y-sigeme","status":"publish","type":"post","link":"https:\/\/www.cdmolokai.cl\/nweb\/2026\/04\/21\/jornada-vocacional-ven-y-sigeme\/","title":{"rendered":"JORNADA VOCACIONAL \u00abVEN Y S\u00cdGEME\u00bb"},"content":{"rendered":"\n<p>En el marco de la semana del Buen Pastor, se realiz\u00f3 Jornada Vocacional \u201cVen y S\u00edgueme\u201d, organizado por la Pastoral Vocacional de la Di\u00f3cesis. En esta ocasi\u00f3n participaron los Colegios de Fundaci\u00f3n Juan XXIII y colegios cat\u00f3licos hermanos.<\/p>\n\n\n\n<p>\ud83d\ude4f \u00bfQu\u00e9 es lo que Dios quiere para m\u00ed? \ud83d\ude4f<\/p>\n\n\n\n<p>Misioneros para un mundo nuevo.<\/p>\n\n\n\n<figure class=\"wp-block-image size-full\"><img loading=\"lazy\" decoding=\"async\" width=\"682\" height=\"663\" src=\"https:\/\/www.cdmolokai.cl\/nweb\/wp-content\/uploads\/2026\/04\/ven-y-sigueme-jornada-vocacional-04-2026_2.png\" alt=\"\" class=\"wp-image-3197\" srcset=\"https:\/\/www.cdmolokai.cl\/nweb\/wp-content\/uploads\/2026\/04\/ven-y-sigueme-jornada-vocacional-04-2026_2.png 682w, https:\/\/www.cdmolokai.cl\/nweb\/wp-content\/uploads\/2026\/04\/ven-y-sigueme-jornada-vocacional-04-2026_2-300x292.png 300w, https:\/\/www.cdmolokai.cl\/nweb\/wp-content\/uploads\/2026\/04\/ven-y-sigueme-jornada-vocacional-04-2026_2-278x270.png 278w\" sizes=\"auto, (max-width: 682px) 100vw, 682px\" \/><\/figure>\n\n\n\n<p class=\"has-text-align-center\"><strong><a href=\"https:\/\/www.facebook.com\/share\/p\/18gp7x2WdN\/\" data-type=\"page\" data-id=\"1854\" target=\"_blank\" rel=\"noreferrer noopener\">*** GALER\u00cdA DE FOTOS EN FACEBOOK ***<\/a><\/strong><\/p>\n","protected":false},"excerpt":{"rendered":"<p>En el marco de la semana del Buen Pastor, se realiz\u00f3 Jornada Vocacional \u201cVen y S\u00edgueme\u201d, organizado por la Pastoral <a href=\"https:\/\/www.cdmolokai.cl\/nweb\/2026\/04\/21\/jornada-vocacional-ven-y-sigeme\/\" class=\"read-more\">Leer mas &#8230;<\/a><\/p>\n","protected":false},"author":1,"featured_media":3196,"comment_status":"closed","ping_status":"closed","sticky":false,"template":"","format":"standard","meta":{"footnotes":""},"categories":[12,9,11,7],"tags":[],"class_list":["post-3195","post","type-post","status-publish","format-standard","has-post-thumbnail","hentry","category-eventos","category-general","category-noticias","category-pastoral"],"_links":{"self":[{"href":"https:\/\/www.cdmolokai.cl\/nweb\/wp-json\/wp\/v2\/posts\/3195","targetHints":{"allow":["GET"]}}],"collection":[{"href":"https:\/\/www.cdmolokai.cl\/nweb\/wp-json\/wp\/v2\/posts"}],"about":[{"href":"https:\/\/www.cdmolokai.cl\/nweb\/wp-json\/wp\/v2\/types\/post"}],"author":[{"embeddable":true,"href":"https:\/\/www.cdmolokai.cl\/nweb\/wp-json\/wp\/v2\/users\/1"}],"replies":[{"embeddable":true,"href":"https:\/\/www.cdmolokai.cl\/nweb\/wp-json\/wp\/v2\/comments?post=3195"}],"version-history":[{"count":1,"href":"https:\/\/www.cdmolokai.cl\/nweb\/wp-json\/wp\/v2\/posts\/3195\/revisions"}],"predecessor-version":[{"id":3198,"href":"https:\/\/www.cdmolokai.cl\/nweb\/wp-json\/wp\/v2\/posts\/3195\/revisions\/3198"}],"wp:featuredmedia":[{"embeddable":true,"href":"https:\/\/www.cdmolokai.cl\/nweb\/wp-json\/wp\/v2\/media\/3196"}],"wp:attachment":[{"href":"https:\/\/www.cdmolokai.cl\/nweb\/wp-json\/wp\/v2\/media?parent=3195"}],"wp:term":[{"taxonomy":"category","embeddable":true,"href":"https:\/\/www.cdmolokai.cl\/nweb\/wp-json\/wp\/v2\/categories?post=3195"},{"taxonomy":"post_tag","embeddable":true,"href":"https:\/\/www.cdmolokai.cl\/nweb\/wp-json\/wp\/v2\/tags?post=3195"}],"curies":[{"name":"wp","href":"https:\/\/api.w.org\/{rel}","templated":true}]}}