{"id":3161,"date":"2026-04-29T08:35:33","date_gmt":"2026-04-29T12:35:33","guid":{"rendered":"https:\/\/www.cdmolokai.cl\/nweb\/?p=3161"},"modified":"2026-04-29T08:36:08","modified_gmt":"2026-04-29T12:36:08","slug":"eucaristia-en-homenaje-a-nuestro-fundador-padre-alberto-berden-luyck","status":"publish","type":"post","link":"https:\/\/www.cdmolokai.cl\/nweb\/2026\/04\/29\/eucaristia-en-homenaje-a-nuestro-fundador-padre-alberto-berden-luyck\/","title":{"rendered":"EUCARIST\u00cdA EN HOMENAJE A NUESTRO FUNDADOR PADRE ALBERTO BERDEN LUYCK"},"content":{"rendered":"\n<p>En el marco del a\u00f1o en qu\u00e9 celebramos los 30 a\u00f1os de nuestro querido colegio, hoy vivimos una emotiva eucarist\u00eda en homenaje a nuestro fundador Padre Alberto, recordando con gratitud su legado, entrega y el sue\u00f1o que dio origen a esta gran comunidad educativa.<\/p>\n\n\n<div class=\"wp-block-image\">\n<figure class=\"aligncenter size-large is-resized\"><img loading=\"lazy\" decoding=\"async\" width=\"768\" height=\"1024\" src=\"https:\/\/www.cdmolokai.cl\/nweb\/wp-content\/uploads\/2026\/04\/eucaristia-homenaje-fundador-padre-Alberto-Berden-04-2026-768x1024.jpg\" alt=\"\" class=\"wp-image-3163\" style=\"width:431px;height:auto\" srcset=\"https:\/\/www.cdmolokai.cl\/nweb\/wp-content\/uploads\/2026\/04\/eucaristia-homenaje-fundador-padre-Alberto-Berden-04-2026-768x1024.jpg 768w, https:\/\/www.cdmolokai.cl\/nweb\/wp-content\/uploads\/2026\/04\/eucaristia-homenaje-fundador-padre-Alberto-Berden-04-2026-225x300.jpg 225w, https:\/\/www.cdmolokai.cl\/nweb\/wp-content\/uploads\/2026\/04\/eucaristia-homenaje-fundador-padre-Alberto-Berden-04-2026-1152x1536.jpg 1152w, https:\/\/www.cdmolokai.cl\/nweb\/wp-content\/uploads\/2026\/04\/eucaristia-homenaje-fundador-padre-Alberto-Berden-04-2026-203x270.jpg 203w, https:\/\/www.cdmolokai.cl\/nweb\/wp-content\/uploads\/2026\/04\/eucaristia-homenaje-fundador-padre-Alberto-Berden-04-2026.jpg 1440w\" sizes=\"auto, (max-width: 768px) 100vw, 768px\" \/><\/figure>\n<\/div>\n\n\n<p class=\"has-text-align-center\"><strong><a href=\"https:\/\/www.facebook.com\/share\/r\/18P9B8BfRT\/\" target=\"_blank\" rel=\"noreferrer noopener\">*** GALERIA DE FOTOS EN FACEBOOK ***<\/a><\/strong><\/p>\n","protected":false},"excerpt":{"rendered":"<p>En el marco del a\u00f1o en qu\u00e9 celebramos los 30 a\u00f1os de nuestro querido colegio, hoy vivimos una emotiva eucarist\u00eda <a href=\"https:\/\/www.cdmolokai.cl\/nweb\/2026\/04\/29\/eucaristia-en-homenaje-a-nuestro-fundador-padre-alberto-berden-luyck\/\" class=\"read-more\">Leer mas &#8230;<\/a><\/p>\n","protected":false},"author":1,"featured_media":3162,"comment_status":"closed","ping_status":"closed","sticky":false,"template":"","format":"standard","meta":{"footnotes":""},"categories":[12,9,11,7],"tags":[],"class_list":["post-3161","post","type-post","status-publish","format-standard","has-post-thumbnail","hentry","category-eventos","category-general","category-noticias","category-pastoral"],"_links":{"self":[{"href":"https:\/\/www.cdmolokai.cl\/nweb\/wp-json\/wp\/v2\/posts\/3161","targetHints":{"allow":["GET"]}}],"collection":[{"href":"https:\/\/www.cdmolokai.cl\/nweb\/wp-json\/wp\/v2\/posts"}],"about":[{"href":"https:\/\/www.cdmolokai.cl\/nweb\/wp-json\/wp\/v2\/types\/post"}],"author":[{"embeddable":true,"href":"https:\/\/www.cdmolokai.cl\/nweb\/wp-json\/wp\/v2\/users\/1"}],"replies":[{"embeddable":true,"href":"https:\/\/www.cdmolokai.cl\/nweb\/wp-json\/wp\/v2\/comments?post=3161"}],"version-history":[{"count":1,"href":"https:\/\/www.cdmolokai.cl\/nweb\/wp-json\/wp\/v2\/posts\/3161\/revisions"}],"predecessor-version":[{"id":3164,"href":"https:\/\/www.cdmolokai.cl\/nweb\/wp-json\/wp\/v2\/posts\/3161\/revisions\/3164"}],"wp:featuredmedia":[{"embeddable":true,"href":"https:\/\/www.cdmolokai.cl\/nweb\/wp-json\/wp\/v2\/media\/3162"}],"wp:attachment":[{"href":"https:\/\/www.cdmolokai.cl\/nweb\/wp-json\/wp\/v2\/media?parent=3161"}],"wp:term":[{"taxonomy":"category","embeddable":true,"href":"https:\/\/www.cdmolokai.cl\/nweb\/wp-json\/wp\/v2\/categories?post=3161"},{"taxonomy":"post_tag","embeddable":true,"href":"https:\/\/www.cdmolokai.cl\/nweb\/wp-json\/wp\/v2\/tags?post=3161"}],"curies":[{"name":"wp","href":"https:\/\/api.w.org\/{rel}","templated":true}]}}