{"id":3157,"date":"2026-04-28T15:12:00","date_gmt":"2026-04-28T19:12:00","guid":{"rendered":"https:\/\/www.cdmolokai.cl\/nweb\/?p=3157"},"modified":"2026-04-29T08:18:42","modified_gmt":"2026-04-29T12:18:42","slug":"campeonato-inter-escolar-futbolito","status":"publish","type":"post","link":"https:\/\/www.cdmolokai.cl\/nweb\/2026\/04\/28\/campeonato-inter-escolar-futbolito\/","title":{"rendered":"CAMPEONATO INTER-ESCOLAR FUTBOLITO"},"content":{"rendered":"\n<p>\u26bd\u26bd\u26bd Estudiantes de sexto y s\u00e9ptimo a\u00f1o, nos representaron en un campeonato inter-escolar futbolito obteniendo el segundo lugar entre nueve colegios de la Ciudad de Los \u00c1ngeles. <img loading=\"lazy\" decoding=\"async\" height=\"16\" width=\"16\" src=\"https:\/\/static.xx.fbcdn.net\/images\/emoji.php\/v9\/tbe\/1\/16\/1f3c6.png\" alt=\"\ud83c\udfc6\"><img loading=\"lazy\" decoding=\"async\" height=\"16\" width=\"16\" src=\"https:\/\/static.xx.fbcdn.net\/images\/emoji.php\/v9\/tbe\/1\/16\/1f3c6.png\" alt=\"\ud83c\udfc6\"><img loading=\"lazy\" decoding=\"async\" height=\"16\" width=\"16\" src=\"https:\/\/static.xx.fbcdn.net\/images\/emoji.php\/v9\/t15\/1\/16\/1f948.png\" alt=\"\ud83e\udd48\"><img loading=\"lazy\" decoding=\"async\" height=\"16\" width=\"16\" src=\"https:\/\/static.xx.fbcdn.net\/images\/emoji.php\/v9\/t15\/1\/16\/1f948.png\" alt=\"\ud83e\udd48\"><img loading=\"lazy\" decoding=\"async\" height=\"16\" width=\"16\" src=\"https:\/\/static.xx.fbcdn.net\/images\/emoji.php\/v9\/t15\/1\/16\/1f948.png\" alt=\"\ud83e\udd48\"><img loading=\"lazy\" decoding=\"async\" height=\"16\" width=\"16\" src=\"https:\/\/static.xx.fbcdn.net\/images\/emoji.php\/v9\/t15\/1\/16\/1f948.png\" alt=\"\ud83e\udd48\"><img loading=\"lazy\" decoding=\"async\" height=\"16\" width=\"16\" src=\"https:\/\/static.xx.fbcdn.net\/images\/emoji.php\/v9\/t15\/1\/16\/1f948.png\" alt=\"\ud83e\udd48\"><img loading=\"lazy\" decoding=\"async\" height=\"16\" width=\"16\" src=\"https:\/\/static.xx.fbcdn.net\/images\/emoji.php\/v9\/t15\/1\/16\/1f948.png\" alt=\"\ud83e\udd48\"><\/p>\n\n\n\n<p>Estamos felices y orgullosos por su gran logro el d\u00eda de hoy.<\/p>\n\n\n\n<p>Agradecemos al Profesor \u00c1lvaro Saavedra quien los acompa\u00f1\u00f3 el d\u00eda de hoy.<\/p>\n\n\n\n<p>Misioneros para un mundo nuevo.<\/p>\n\n\n<div class=\"wp-block-image\">\n<figure class=\"aligncenter size-large is-resized\"><img loading=\"lazy\" decoding=\"async\" width=\"768\" height=\"1024\" src=\"https:\/\/www.cdmolokai.cl\/nweb\/wp-content\/uploads\/2026\/04\/campeonato-inter-escolar-futbolito-04-2026-768x1024.jpg\" alt=\"\" class=\"wp-image-3159\" style=\"aspect-ratio:0.7500118612705793;width:439px;height:auto\" srcset=\"https:\/\/www.cdmolokai.cl\/nweb\/wp-content\/uploads\/2026\/04\/campeonato-inter-escolar-futbolito-04-2026-768x1024.jpg 768w, https:\/\/www.cdmolokai.cl\/nweb\/wp-content\/uploads\/2026\/04\/campeonato-inter-escolar-futbolito-04-2026-225x300.jpg 225w, https:\/\/www.cdmolokai.cl\/nweb\/wp-content\/uploads\/2026\/04\/campeonato-inter-escolar-futbolito-04-2026-1152x1536.jpg 1152w, https:\/\/www.cdmolokai.cl\/nweb\/wp-content\/uploads\/2026\/04\/campeonato-inter-escolar-futbolito-04-2026-203x270.jpg 203w, https:\/\/www.cdmolokai.cl\/nweb\/wp-content\/uploads\/2026\/04\/campeonato-inter-escolar-futbolito-04-2026.jpg 1200w\" sizes=\"auto, (max-width: 768px) 100vw, 768px\" \/><\/figure>\n<\/div>\n\n\n<p class=\"has-text-align-center\"><strong><a href=\"https:\/\/www.facebook.com\/share\/p\/18dCL7TfVx\/\" target=\"_blank\" rel=\"noreferrer noopener\">*** GALER\u00cdA DE FOTOS EN FACEBOOK ***<\/a><\/strong><\/p>\n","protected":false},"excerpt":{"rendered":"<p>\u26bd\u26bd\u26bd Estudiantes de sexto y s\u00e9ptimo a\u00f1o, nos representaron en un campeonato inter-escolar futbolito obteniendo el segundo lugar entre nueve <a href=\"https:\/\/www.cdmolokai.cl\/nweb\/2026\/04\/28\/campeonato-inter-escolar-futbolito\/\" class=\"read-more\">Leer mas &#8230;<\/a><\/p>\n","protected":false},"author":1,"featured_media":3158,"comment_status":"closed","ping_status":"closed","sticky":false,"template":"","format":"standard","meta":{"footnotes":""},"categories":[12,9,11],"tags":[],"class_list":["post-3157","post","type-post","status-publish","format-standard","has-post-thumbnail","hentry","category-eventos","category-general","category-noticias"],"_links":{"self":[{"href":"https:\/\/www.cdmolokai.cl\/nweb\/wp-json\/wp\/v2\/posts\/3157","targetHints":{"allow":["GET"]}}],"collection":[{"href":"https:\/\/www.cdmolokai.cl\/nweb\/wp-json\/wp\/v2\/posts"}],"about":[{"href":"https:\/\/www.cdmolokai.cl\/nweb\/wp-json\/wp\/v2\/types\/post"}],"author":[{"embeddable":true,"href":"https:\/\/www.cdmolokai.cl\/nweb\/wp-json\/wp\/v2\/users\/1"}],"replies":[{"embeddable":true,"href":"https:\/\/www.cdmolokai.cl\/nweb\/wp-json\/wp\/v2\/comments?post=3157"}],"version-history":[{"count":1,"href":"https:\/\/www.cdmolokai.cl\/nweb\/wp-json\/wp\/v2\/posts\/3157\/revisions"}],"predecessor-version":[{"id":3160,"href":"https:\/\/www.cdmolokai.cl\/nweb\/wp-json\/wp\/v2\/posts\/3157\/revisions\/3160"}],"wp:featuredmedia":[{"embeddable":true,"href":"https:\/\/www.cdmolokai.cl\/nweb\/wp-json\/wp\/v2\/media\/3158"}],"wp:attachment":[{"href":"https:\/\/www.cdmolokai.cl\/nweb\/wp-json\/wp\/v2\/media?parent=3157"}],"wp:term":[{"taxonomy":"category","embeddable":true,"href":"https:\/\/www.cdmolokai.cl\/nweb\/wp-json\/wp\/v2\/categories?post=3157"},{"taxonomy":"post_tag","embeddable":true,"href":"https:\/\/www.cdmolokai.cl\/nweb\/wp-json\/wp\/v2\/tags?post=3157"}],"curies":[{"name":"wp","href":"https:\/\/api.w.org\/{rel}","templated":true}]}}