{"id":1038,"date":"2023-04-26T13:12:16","date_gmt":"2023-04-26T17:12:16","guid":{"rendered":"https:\/\/www.cdmolokai.cl\/nweb\/?p=1038"},"modified":"2023-04-26T15:15:52","modified_gmt":"2023-04-26T19:15:52","slug":"dia-internacional-de-libro-y-del-derecho-del-autor","status":"publish","type":"post","link":"https:\/\/www.cdmolokai.cl\/nweb\/2023\/04\/26\/dia-internacional-de-libro-y-del-derecho-del-autor\/","title":{"rendered":"DIA INTERNACIONAL DEL LIBRO Y DEL DERECHO DEL AUTOR"},"content":{"rendered":"\n<p>El d\u00eda 25 del presente mes, celebramos con una hermosa actividad el \u00abD\u00eda del Libro\u00bb. La participaci\u00f3n fue de toda la comunidad educativa, representando a personajes con disfraces de diferentes literaturas.<\/p>\n\n\n<div class=\"wp-block-image\">\n<figure class=\"aligncenter size-large is-resized\"><img loading=\"lazy\" decoding=\"async\" src=\"https:\/\/www.cdmolokai.cl\/nweb\/wp-content\/uploads\/2023\/04\/IMG_2919_3110x2074-1024x683.jpg\" alt=\"\" class=\"wp-image-1040\" width=\"537\" height=\"358\" srcset=\"https:\/\/www.cdmolokai.cl\/nweb\/wp-content\/uploads\/2023\/04\/IMG_2919_3110x2074-1024x683.jpg 1024w, https:\/\/www.cdmolokai.cl\/nweb\/wp-content\/uploads\/2023\/04\/IMG_2919_3110x2074-300x200.jpg 300w, https:\/\/www.cdmolokai.cl\/nweb\/wp-content\/uploads\/2023\/04\/IMG_2919_3110x2074-768x512.jpg 768w, https:\/\/www.cdmolokai.cl\/nweb\/wp-content\/uploads\/2023\/04\/IMG_2919_3110x2074-1536x1024.jpg 1536w, https:\/\/www.cdmolokai.cl\/nweb\/wp-content\/uploads\/2023\/04\/IMG_2919_3110x2074-2048x1366.jpg 2048w, https:\/\/www.cdmolokai.cl\/nweb\/wp-content\/uploads\/2023\/04\/IMG_2919_3110x2074-360x240.jpg 360w\" sizes=\"auto, (max-width: 537px) 100vw, 537px\" \/><\/figure>\n<\/div>\n\n<div class=\"wp-block-image\">\n<figure class=\"aligncenter size-full is-resized\"><img loading=\"lazy\" decoding=\"async\" src=\"https:\/\/www.cdmolokai.cl\/nweb\/wp-content\/uploads\/2023\/04\/IMG_5570_cel_720x959.jpg\" alt=\"\" class=\"wp-image-1042\" width=\"289\" height=\"385\" srcset=\"https:\/\/www.cdmolokai.cl\/nweb\/wp-content\/uploads\/2023\/04\/IMG_5570_cel_720x959.jpg 720w, https:\/\/www.cdmolokai.cl\/nweb\/wp-content\/uploads\/2023\/04\/IMG_5570_cel_720x959-225x300.jpg 225w, https:\/\/www.cdmolokai.cl\/nweb\/wp-content\/uploads\/2023\/04\/IMG_5570_cel_720x959-203x270.jpg 203w\" sizes=\"auto, (max-width: 289px) 100vw, 289px\" \/><\/figure>\n<\/div>\n\n\n<p>El 23 de abril es un d\u00eda simb\u00f3lico para la literatura mundial ya que ese mismo d\u00eda coincide con el nacimiento o la muerte de grandes escritores de la literatura universal: Miguel de Cervantes y Saavedra; William Shakespeare; el Inca Garcilaso de la Vega; Manuel Mej\u00eda Vallejo; Vladimir Nabokov, entre otros.<\/p>\n\n\n\n<p>La celebraci\u00f3n del d\u00eda mundial del libro surgi\u00f3 a partir de una iniciativa de la UNESCO el a\u00f1o 1995, con el objetivo de valorizar los libros y sus autores, busca estimular el gusto por la lectura, fomentar la industria editorial y la protecci\u00f3n de la propiedad intelectual a trav\u00e9s del derecho de autor.<\/p>\n\n\n\n<p><strong><a href=\"https:\/\/www.facebook.com\/media\/set\/?vanity=damiandemolokai&amp;set=a.758672832652444\" target=\"_blank\" rel=\"noreferrer noopener\">VER GALER\u00cdA DE FOTOS EN FACEBOOK<\/a><\/strong><\/p>\n","protected":false},"excerpt":{"rendered":"<p>El d\u00eda 25 del presente mes, celebramos con una hermosa actividad el \u00abD\u00eda del Libro\u00bb. La participaci\u00f3n fue de toda <a href=\"https:\/\/www.cdmolokai.cl\/nweb\/2023\/04\/26\/dia-internacional-de-libro-y-del-derecho-del-autor\/\" class=\"read-more\">Leer mas &#8230;<\/a><\/p>\n","protected":false},"author":1,"featured_media":1039,"comment_status":"closed","ping_status":"closed","sticky":false,"template":"","format":"standard","meta":{"footnotes":""},"categories":[12,11],"tags":[],"class_list":["post-1038","post","type-post","status-publish","format-standard","has-post-thumbnail","hentry","category-eventos","category-noticias"],"_links":{"self":[{"href":"https:\/\/www.cdmolokai.cl\/nweb\/wp-json\/wp\/v2\/posts\/1038","targetHints":{"allow":["GET"]}}],"collection":[{"href":"https:\/\/www.cdmolokai.cl\/nweb\/wp-json\/wp\/v2\/posts"}],"about":[{"href":"https:\/\/www.cdmolokai.cl\/nweb\/wp-json\/wp\/v2\/types\/post"}],"author":[{"embeddable":true,"href":"https:\/\/www.cdmolokai.cl\/nweb\/wp-json\/wp\/v2\/users\/1"}],"replies":[{"embeddable":true,"href":"https:\/\/www.cdmolokai.cl\/nweb\/wp-json\/wp\/v2\/comments?post=1038"}],"version-history":[{"count":4,"href":"https:\/\/www.cdmolokai.cl\/nweb\/wp-json\/wp\/v2\/posts\/1038\/revisions"}],"predecessor-version":[{"id":1052,"href":"https:\/\/www.cdmolokai.cl\/nweb\/wp-json\/wp\/v2\/posts\/1038\/revisions\/1052"}],"wp:featuredmedia":[{"embeddable":true,"href":"https:\/\/www.cdmolokai.cl\/nweb\/wp-json\/wp\/v2\/media\/1039"}],"wp:attachment":[{"href":"https:\/\/www.cdmolokai.cl\/nweb\/wp-json\/wp\/v2\/media?parent=1038"}],"wp:term":[{"taxonomy":"category","embeddable":true,"href":"https:\/\/www.cdmolokai.cl\/nweb\/wp-json\/wp\/v2\/categories?post=1038"},{"taxonomy":"post_tag","embeddable":true,"href":"https:\/\/www.cdmolokai.cl\/nweb\/wp-json\/wp\/v2\/tags?post=1038"}],"curies":[{"name":"wp","href":"https:\/\/api.w.org\/{rel}","templated":true}]}}